{"id":3113,"date":"2026-03-14T02:42:57","date_gmt":"2026-03-14T02:42:57","guid":{"rendered":"https:\/\/www.hospihawkinternational.com\/blog\/?p=3113"},"modified":"2026-03-14T02:42:59","modified_gmt":"2026-03-14T02:42:59","slug":"a-2025-os-vuelta-egy-kivalo-espana-utvonal-szakaszrol-szakaszra-halado-tura-melyen-az-angliru-vad-emelkedoi-es-a-bola-del-mundo-is-felfedezheto","status":"publish","type":"post","link":"https:\/\/www.hospihawkinternational.com\/blog\/2026\/03\/14\/a-2025-os-vuelta-egy-kivalo-espana-utvonal-szakaszrol-szakaszra-halado-tura-melyen-az-angliru-vad-emelkedoi-es-a-bola-del-mundo-is-felfedezheto\/","title":{"rendered":"A 2025-\u00f6s Vuelta egy kiv\u00e1l\u00f3 Espa\u00f1a \u00fatvonal. Szakaszr\u00f3l szakaszra halad\u00f3 t\u00fara, melyen az Angliru vad emelked\u0151i \u00e9s a Bola del Mundo is felfedezhet\u0151."},"content":{"rendered":"<div id=\"toc\" style=\"background: #f9f9f9;border: 1px solid #aaa;display: table;margin-bottom: 1em;padding: 1em;width: 350px;\">\n<p class=\"toctitle\" style=\"font-weight: 700;text-align: center;\">Blogok<\/p>\n<ul class=\"toc_list\">\n<li><a href=\"#toc-0\"> Jayco AlUla (JAY) buli<\/a><\/li>\n<li><a href=\"#toc-1\">13. szakasz, szeptember 5., p\u00e9ntek: Cabezon de la Sal &#8211; l&#39;Angliru (202,7 km)<\/a><\/li>\n<li><a href=\"#toc-2\">Vuelta, egy kiv\u00e1l\u00f3 Espa\u00f1a 18. f\u00e1zis teszt: Visszat\u00e9r\u00e9s az \u00faj TT Professionals-hez<\/a><\/li>\n<li><a href=\"#toc-3\">A WorldTour p\u00e9nz\u00fcgyi tervei el\u00e9rt\u00e9k a 663 milli\u00f3 eur\u00f3t, mivel az \u00e1tlagos f\u00e9rfi versenyz\u0151i fizet\u00e9s el\u00e9rte a 350 sz\u00e1zezer eur\u00f3t.<\/a><\/li>\n<li><a href=\"#toc-4\">Vuelta 2025: A vadonat\u00faj csatorna<\/a><\/li>\n<\/ul>\n<\/div>\n<p>A k\u00f6vetkez\u0151 egyenes a dombok fel\u00e9 a kett\u0151 k\u00f6z\u00fcl a nehezebb, mivel a versenyz\u0151knek t\u00f6bb mint 4200 m\u00e9teres szintk\u00fcl\u00f6nbs\u00e9ggel kell szemben\u00e9zni\u00fck a Cerler Huesca la Magia fel\u00e9 vezet\u0151 \u00faton. Ez egy sokkal kem\u00e9nyebb fin\u00e1l\u00e9, \u00e9s ha egy sprintspecialista viszi mag\u00e1val az \u00faj piros mezt az els\u0151 napra, igazi kih\u00edv\u00e1st jelent majd a kez\u00e9ben tartani. Egy gyors pillant\u00e1s a 3. <!--more--> l\u00e9p\u00e9s karakter\u00e9re, mivel a csata az Alpok l\u00e1b\u00e1n\u00e1l egy hull\u00e1mz\u00f3 szakaszon halad \u00e1t San Maurizio Canavese-t\u0151l Ceres-ig.<\/p>\n<h2 id=\"toc-0\"> Jayco AlUla (JAY) buli<\/h2>\n<p>Amikor olyan kih\u00edv\u00e1st jelent\u0151nek \u00e9rzed magad, m\u00e1s nem fogja \u00e9rezni, hogy meg\u00e9ri a figyelmet \u00e9s a stresszt, k\u00fcl\u00f6n\u00f6sen a j\u00f6v\u0151beli nagy hegyi szakaszok miatt. Kilenc rohan\u00e1s ut\u00e1n a leg\u00fajabb versenyz\u0151k bemutatkoznak. Az \u00faj GC-motorosoknak gyorsan fel kell k\u00e9sz\u00fclni\u00fck, mivel a 10. szakasz egy \u00fajabb fontos szempont sz\u00e1mukra. A leg\u00fajabb Larra Belagua emelked\u0151, amely a La Vuelta&#39;23-on deb\u00fct\u00e1lt, Remco Evenepoel igazi tanul\u00e1si oszt\u00e1lyt k\u00edn\u00e1lva, ism\u00e9t a verseny szt\u00e1rj\u00e1v\u00e1 v\u00e1lik. A rajt Sus\u00e1ban van, majd \u00e1thalad a Franciaorsz\u00e1gon, ahol a c\u00e9lvonal Voironban van.<\/p>\n<p>\u0150k vannak ma a f\u0151 emelked\u0151 legmeredekebb r\u00e9sz\u00e9n is, Vingeaard \u00e9s Almeida most egy teljes pillanattal Kuss \u00e9s Hindley el\u0151tt vannak. Hindley \u00e9s <a href=\"https:\/\/fogadas-sport.com\/tippek\/\">https:\/\/fogadas-sport.com\/tippek\/<\/a> Kuss m\u00e9g mindig l\u00e1tj\u00e1k a k\u00e9t el\u0151tt\u00fck halad\u00f3 versenyz\u0151t, de a meredeks\u00e9g val\u00f3ban magas, \u00edgy mind\u00f6ssze 20 m\u00e1sodperc a h\u00e1tr\u00e1nyuk. Almeida v\u00e9gzi a munk\u00e1t, k\u00f6zvetlen\u00fcl ut\u00e1na pedig m\u00e9g h\u00e1rom k\u00f6vetkezik. Ceped\u00e1t lemaradt a mez\u0151ny, \u00edgy csak Jungels \u00e9s Vinokurov maradtak a szakasz k\u00f6vetkez\u0151 napj\u00e1r\u00f3l.<\/p>\n<h2 id=\"toc-1\">13. szakasz, szeptember 5., p\u00e9ntek: Cabezon de la Sal &#8211; l&#39;Angliru (202,7 km)<\/h2>\n<ul>\n<li>P\u00e9ter nemzetk\u00f6zi evez\u0151sk\u00e9nt is elismert, \u00e9s Nagy-Britanni\u00e1t k\u00e9pviselte a 23 \u00e9v alattiak k\u00f6z\u00f6tt a legut\u00f3bbi Junior Evez\u0151s K\u00f6z\u00f6ss\u00e9gi Bajnoks\u00e1gon.<\/li>\n<li>Az utols\u00f3 felfel\u00e9 \u00edvel\u0151 kateg\u00f3ri\u00e1k csak a 4-es kateg\u00f3ri\u00e1ba tartoznak, de az \u00faj konferencia k\u00f6zel\u00e9ben meredekebb lesz, \u00e9s az is l\u00e1that\u00f3 lesz, hogy az emberek tov\u00e1bbra is versenyguruk maradnak.<\/li>\n<li>A csata \u00e9l\u00e9n \u00e1ll\u00f3 vadonat\u00faj n\u00e9gy ker\u00e9kp\u00e1ros mindannyian a Grand Trip deb\u00fct\u00e1l\u00f3i, \u00e9s mindannyian el\u0151sz\u00f6r indulnak nagyszab\u00e1s\u00fa h\u00e1romnapos szakaszversenyen a saj\u00e1t karrierj\u00fckben.<\/li>\n<li>A leg\u00fajabb \u00fatvonal rengeteg lehet\u0151s\u00e9get k\u00edn\u00e1lhat a m\u00e1sz\u00f3knak, hogy a c\u00e9lig megmutass\u00e1k az energi\u00e1jukat.<\/li>\n<\/ul>\n<p><img decoding=\"async\" src=\"https:\/\/ewscripps.brightspotcdn.com\/dims4\/default\/f448661\/2147483647\/strip\/true\/crop\/863x453+100+0\/resize\/1200x630!\/quality\/90\/?url=https%3A%2F%2Fx-default-stgec.uplynk.com%2Fausw%2Fslices%2F291%2Fb9cd621bb5cc43d8b6bdc641d1acdca8%2F291061c9979e4025acd734292965b75f%2Fposter_88f7c4c136b44a1baee6947747a32199.jpeg\" alt=\"football betting strategy\" border=\"0\" align=\"right\"><\/p>\n<p>Az UAE Team Emirates-XRG elkapta Ayus\u00f3t \u00e9s Solert a Lidl-Trek csapat\u00e1t\u00f3l, Mads Pederson pedig a Lidl-Trek tri\u00f3j\u00e1nak egyik tagja volt. \u201eEgy ilyen neh\u00e9z napon a saj\u00e1t tippjeimre hagyatkoztam. M\u00e1r nyert\u00fcnk egy szintet, \u00e9s m\u00e9g t\u00f6bbet kell ny\u00fajtania, ha els\u0151 akar lenni. V\u00e9letlen\u00fcl hallottam az aut\u00f3r\u00f3l, hogy ugyanezt tapasztaltam\u201d \u2013 mondta Ayuso a m\u00e1sik spanyol Rom\u00f3val val\u00f3 sz\u00f6k\u00e9sb\u0151l. Brieuc Rolland (Groupama-FDJ) t\u00f6bb mint 22 km-t t\u00f6lt\u00f6tt az egy\u00e9ni \u00fcld\u00f6z\u00e9sben, hogy lez\u00e1rja az \u00faj spanyol du\u00f3t, \u00e9s megszerezze a harmadik helyet, 13 m\u00e1sodperccel lemaradva. Mind\u00f6ssze n\u00e9gy m\u00e1sodperccel a di\u00e1k francia versenyz\u0151je, a Winner Campenaerts (Visma-Book a cycle) el\u0151zte meg Mads Pedersent (Lidl-Trek), mint jobb versenyz\u0151t egy j\u00f3, 16 f\u0151s \u00fcld\u00f6z\u0151csoportb\u00f3l.<\/p>\n<p>Egy m\u00e1sik kateg\u00f3ria Puerto de Alisas, ami mind\u00f6ssze 41 km-t tesz ki \u00fatk\u00f6zben, ahol van egy szintk\u00fcl\u00f6nbs\u00e9g, \u00edgy hull\u00e1mz\u00f3, z\u00fazott \u00faton haladhatsz a p\u00e1lya eleje el\u0151tt, majd 74 km-rel k\u00e9s\u0151bb Collada de Brenesbe jutsz. Az \u00faj lejtmenet \u00e9s szintk\u00fcl\u00f6nbs\u00e9g lehet\u0151s\u00e9get k\u00edn\u00e1l egy korl\u00e1tozott \u00e1tcsoportos\u00edt\u00e1sra, de a feljut\u00e1sn\u00e1l nagy elt\u00e9r\u00e9sek vannak, ami nagyon fontosnak bizonyul. A 4. szakasz a leg\u00fajabb mez\u0151nyt Franciaorsz\u00e1gba viszi a Col du Lautaret-en kereszt\u00fcl, miel\u0151tt a Voironban \u00e9rne c\u00e9lba. Ez arra \u00f6szt\u00f6n\u00f6zheti a sz\u00f6k\u0151kutakat \u0171z\u0151 szakembereket \u00e9s a k\u00f6rbej\u00e1r\u00f3kat, hogy a GC csapatok a spanyolorsz\u00e1gi id\u0151ket tarts\u00e1k. K\u00f6zvetlen\u00fcl a hat\u00e1ron t\u00falra jut\u00e1s ut\u00e1n az els\u0151 nagyobb csoport \u00e9rkezik egy nagyszer\u0171 20 km-es csapatnapi bemutat\u00f3val a Figueres-ben az 5. szakaszon. Az er\u0151sebb, eg\u00e9szs\u00e9gesebb csapatok itt kulcsfontoss\u00e1g\u00fa m\u00e1sodperceket vehetnek ig\u00e9nybe, ami vesz\u00e9lyt jelenthet a k\u00f6nny\u0171szerkezetes m\u00e1sz\u00f3k t\u00e1mogat\u00e1s\u00e1val rendelkez\u0151 m\u00e1sz\u00f3kra.<\/p>\n<h2 id=\"toc-2\">Vuelta, egy kiv\u00e1l\u00f3 Espa\u00f1a 18. f\u00e1zis teszt: Visszat\u00e9r\u00e9s az \u00faj TT Professionals-hez<\/h2>\n<p>B\u00e1rmilyen baj is van vele, a k\u00f6vetkez\u0151 menetben k\u00e9nyelmesen a leggyorsabb fut\u00e1sra sz\u00e1m\u00edthat \u2013 b\u00e1r Vernon hamarosan posztolhat. Ragyog\u00f3 nap van a Valladolidban, \u00e9s semmi jel nem utal arra, hogy egy pillanat is befoly\u00e1soln\u00e1 a nap esem\u00e9nyeit. Az \u00faj t\u00fcntet\u0151k tov\u00e1bbra is tiltakoznak Izrael legnagyobb versenye, a Vuelta l\u00e1that\u00f3s\u00e1ga ellen, a G\u00e1zai \u00f6vezet tart\u00f3s pusztul\u00e1s\u00e1nak verseny\u00e9ben. Spanyolorsz\u00e1g szabadid\u0151s \u00e9s oktat\u00e1si minisztere elrendelte a csapat elt\u00e1vol\u00edt\u00e1s\u00e1t az \u00faj versenyr\u0151l. Adam is Cycling A h\u00e9t h\u00edrszerkeszt\u0151je \u2013 jobb szerelm\u00fck a gyorsas\u00e1g, de am\u00edg a sr\u00e1c ker\u00e9kp\u00e1rozik, addig boldog.<\/p>\n<p><img decoding=\"async\" src=\"http:\/\/www.betliz.com\/wp-content\/uploads\/2018\/03\/How-to-win-at-sports-betting-720x340.jpg\" alt=\"coral betting\" align=\"left\" border=\"1\" style=\"padding: 0px;\"><\/p>\n<p>A GC sz\u00e1m\u00e1ra azonban a j\u00e1t\u00e9kban ez val\u00f3sz\u00edn\u0171leg a legmeghat\u00e1roz\u00f3bb nap. A 9. \u00e9s 10. fokozat a k\u00f6vetkez\u0151 kurzuson \u00e9r c\u00e9lba a Valdezcaray-t\u00f3l, \u00e9s Larra Belagua lesz a m\u00e1sodik, egy olyan emelked\u0151, ahol Remco Evenepoel 2023-ban el\u00e9rte a cs\u00facsot. A bilba\u00f3i tizenegyedik fokozat az egyik legjobb lesz, bele\u00e9rtve az Alto del Viver\u00f3t \u00e9s az Alto de Pike-ot, az utols\u00f3 emelked\u0151ket a 2023-as Tour de France Grand D\u00e9part-on. Soren Kragh-Andersen \u00e1tvette a vezet\u00e9st a sz\u00fcnetversenyben, hogy gyors temp\u00f3t dikt\u00e1ljon, \u00e9s seg\u00edthet Lidl-Trip csapatt\u00e1rs\u00e1nak, Pedersennek a rajtn\u00e1l, ahol a d\u00e1n m\u00e9g t\u00f6bbet fog szerezni a t\u00e9telversenyben. Jay Vine \u00e9s Juan Ayuso (UAE Team Emirates-XRG) egym\u00e1s ut\u00e1n is szinteket szereztek a versenyen, \u00e9s ak\u00e1r meg is nyerhetik ezt a terepet. Az \u00faj du\u00f3 a verseny eddigi k\u00e9t leger\u0151sebb m\u00e1sz\u00f3j\u00e1v\u00e1 v\u00e1lt.<\/p>\n<h2 id=\"toc-3\">A WorldTour p\u00e9nz\u00fcgyi tervei el\u00e9rt\u00e9k a 663 milli\u00f3 eur\u00f3t, mivel az \u00e1tlagos f\u00e9rfi versenyz\u0151i fizet\u00e9s el\u00e9rte a 350 sz\u00e1zezer eur\u00f3t.<\/h2>\n<p>Miel\u0151tt szabad\u00fasz\u00f3 \u00edr\u00f3k\u00e9nt, az Ella CyclingTips ausztr\u00e1l szerkeszt\u0151jek\u00e9nt, valamint a Reuters \u00e9s a Bloomberg tud\u00f3s\u00edt\u00f3jak\u00e9nt dolgozott, a ker\u00e9kp\u00e1roz\u00e1s Simone sz\u00e1m\u00e1ra eleinte kiz\u00e1r\u00f3lag pihen\u0151\u00fat volt, \u00fczleti bloggerk\u00e9nt indult, de 2015-ben a n\u0151i k\u00f6z\u00f6ss\u00e9g \u00e9rdekl\u0151d\u00e9se \u00e1tt\u00e9rt az atl\u00e9tika fel\u00e9. Soler vadul sz\u00e1guldott, miel\u0151tt csapatt\u00e1rsa, Ayuso kics\u00faszott a kez\u00e9b\u0151l az emelked\u0151 fel\u00e9n\u00e9l. Egy t\u00f6bb mint 50 \u2013 biztosan \u00f6tven \u2013 ker\u00e9kp\u00e1rosb\u00f3l \u00e1ll\u00f3 hatalmas csapat k\u00eds\u00e9rte el 50 km-es versenyen. A hatalmas csapat majdnem 5 percet sp\u00f3rolt \u00f6nmaga \u00e9s a mez\u0151ny k\u00f6z\u00f6tt, k\u00f6zt\u00fck Vingeard is negat\u00edv m\u00e9rleggel. Valaki palesztin z\u00e1szl\u00f3kat tartott fel az \u00fatvonal ment\u00e9n, de a versenyen nem volt megszak\u00edt\u00e1s, mivel az Egyes\u00fclt Arab Em\u00edrs\u00e9gek p\u00e1rti Emirates-i versenyz\u0151je, Ayuso megel\u0151zte honfit\u00e1rs\u00e1t, Javier Rom\u00f3t, Brieuc Rolland pedig harmadikk\u00e9nt \u00e9rt c\u00e9lba, mind\u00f6ssze 13 m\u00e1sodperccel lemaradva.<\/p>\n<p>Javier Romo k\u00f6vetkezik a Movistar Party-n\u00e1l, m\u00edg Brieuc Rolland a Groupama-FDJ friss szakasz\u00e1nak utols\u00f3 dobog\u00f3s helyez\u00e9s\u00e9t szerezte meg. A tizenkettedik szakasz gyorsan elkezd\u0151d\u00f6tt Lared\u00f3ban, a kant\u00e1briai parton, ami k\u00e9ts\u00e9gtelen\u00fcl a legn\u00e9pszer\u0171bb turisztikai c\u00e9lpont a ny\u00e1ri napokon. T\u00f6bb t\u00fcnet is felmer\u00fclt, mivel a versenyz\u0151k k\u00e9ts\u00e9gbeesetten szerettek volna kiszakadni, \u00e9s te is felp\u00f6rgetheted az akci\u00f3t a m\u00falt semleges\u00edtett szakasz\u00e1n.<\/p>\n<h2 id=\"toc-4\">Vuelta 2025: A vadonat\u00faj csatorna<\/h2>\n<p>\u00dagy t\u0171nik, majd \u00fatk\u00f6zben Mads Pedersen is felbukkan az \u00faj t\u00e1mad\u00e1sn\u00e1l. Egy eg\u00e9sz csapat motoros k\u00fczd meg egym\u00e1ssal, k\u00f6zt\u00fck Bonneu \u2013 Campenaerts, Dunbar, Labrosse, Louis Rouland. Az \u00faj, n\u00e9gyf\u0151s \u00fcld\u00f6z\u0151csapat v\u00e1rhat\u00f3an sz\u00e9p eredm\u00e9nyeket fog el\u00e9rni a Soler sz\u00e1m\u00e1ra.<\/p>\n","protected":false},"excerpt":{"rendered":"<p>Blogok Jayco AlUla (JAY) buli 13. szakasz, szeptember 5., p\u00e9ntek: Cabezon de la Sal &#8211; l&#39;Angliru (202,7 km) Vuelta, egy kiv\u00e1l\u00f3 Espa\u00f1a 18. f\u00e1zis teszt: Visszat\u00e9r\u00e9s az \u00faj TT Professionals-hez A WorldTour p\u00e9nz\u00fcgyi tervei el\u00e9rt\u00e9k a 663 milli\u00f3 eur\u00f3t, mivel az \u00e1tlagos f\u00e9rfi versenyz\u0151i fizet\u00e9s el\u00e9rte a 350 sz\u00e1zezer eur\u00f3t. Vuelta 2025: A vadonat\u00faj csatorna&hellip;<\/p>\n","protected":false},"author":1,"featured_media":0,"comment_status":"closed","ping_status":"open","sticky":false,"template":"","format":"standard","meta":{"footnotes":""},"categories":[1],"tags":[],"class_list":["post-3113","post","type-post","status-publish","format-standard","hentry","category-anesthesia-equipment"],"_links":{"self":[{"href":"https:\/\/www.hospihawkinternational.com\/blog\/wp-json\/wp\/v2\/posts\/3113","targetHints":{"allow":["GET"]}}],"collection":[{"href":"https:\/\/www.hospihawkinternational.com\/blog\/wp-json\/wp\/v2\/posts"}],"about":[{"href":"https:\/\/www.hospihawkinternational.com\/blog\/wp-json\/wp\/v2\/types\/post"}],"author":[{"embeddable":true,"href":"https:\/\/www.hospihawkinternational.com\/blog\/wp-json\/wp\/v2\/users\/1"}],"replies":[{"embeddable":true,"href":"https:\/\/www.hospihawkinternational.com\/blog\/wp-json\/wp\/v2\/comments?post=3113"}],"version-history":[{"count":1,"href":"https:\/\/www.hospihawkinternational.com\/blog\/wp-json\/wp\/v2\/posts\/3113\/revisions"}],"predecessor-version":[{"id":3114,"href":"https:\/\/www.hospihawkinternational.com\/blog\/wp-json\/wp\/v2\/posts\/3113\/revisions\/3114"}],"wp:attachment":[{"href":"https:\/\/www.hospihawkinternational.com\/blog\/wp-json\/wp\/v2\/media?parent=3113"}],"wp:term":[{"taxonomy":"category","embeddable":true,"href":"https:\/\/www.hospihawkinternational.com\/blog\/wp-json\/wp\/v2\/categories?post=3113"},{"taxonomy":"post_tag","embeddable":true,"href":"https:\/\/www.hospihawkinternational.com\/blog\/wp-json\/wp\/v2\/tags?post=3113"}],"curies":[{"name":"wp","href":"https:\/\/api.w.org\/{rel}","templated":true}]}}